[{"@context":"https:\/\/schema.org\/","@type":"Article","@id":"https:\/\/www.jamvak.cz\/vanocni-uklid\/#Article","mainEntityOfPage":"https:\/\/www.jamvak.cz\/vanocni-uklid\/","headline":"V\u00e1no\u010dn\u00ed \u00faklid","name":"V\u00e1no\u010dn\u00ed \u00faklid","description":"Je to snad skoro v\u0161ude stejn\u00e9, jak se bl\u00ed\u017e\u00ed v\u00e1no\u010dn\u00ed sv\u00e1tky, v\u0161ude mus\u00ed b\u00fdt naklizeno a v\u0161e v naprost\u00e9m po\u0159\u00e1dku. Velk\u00fd gener\u00e1ln\u00ed \u00faklid ur\u010dit\u011b...","datePublished":"2019-10-08","dateModified":"2023-05-22","author":{"@type":"Person","@id":"https:\/\/www.jamvak.cz\/author\/devene\/#Person","name":"devene","url":"https:\/\/www.jamvak.cz\/author\/devene\/","identifier":1,"image":{"@type":"ImageObject","@id":"https:\/\/secure.gravatar.com\/avatar\/11f8c6ff4d174e1ebef1d6401491d0892ff6534e7a3312fbf752a8f90a4375cd?s=96&d=mm&r=g","url":"https:\/\/secure.gravatar.com\/avatar\/11f8c6ff4d174e1ebef1d6401491d0892ff6534e7a3312fbf752a8f90a4375cd?s=96&d=mm&r=g","height":96,"width":96}},"publisher":{"@type":"Organization","name":"jamvak.cz","logo":{"@type":"ImageObject","@id":"\/logo.png","url":"\/logo.png","width":600,"height":60}},"image":{"@type":"ImageObject","@id":"https:\/\/www.jamvak.cz\/wp-content\/uploads\/img_a361760_w1723_t1574875586.jpg","url":"https:\/\/www.jamvak.cz\/wp-content\/uploads\/img_a361760_w1723_t1574875586.jpg","height":0,"width":0},"url":"https:\/\/www.jamvak.cz\/vanocni-uklid\/","about":["Produkty"],"wordCount":435,"articleBody":"        Je to snad skoro v\u0161ude stejn\u00e9, jak se bl\u00ed\u017e\u00ed v\u00e1no\u010dn\u00ed sv\u00e1tky, v\u0161ude mus\u00ed b\u00fdt naklizeno a v\u0161e v naprost\u00e9m po\u0159\u00e1dku. Velk\u00fd gener\u00e1ln\u00ed \u00faklid ur\u010dit\u011b nemine V\u00e1s ani va\u0161e d\u011bti a jejich d\u011btsk\u00e9 pokoj\u00ed\u010dky. Za tento obrovsk\u00fd bum, m\u016f\u017ee samoz\u0159ejm\u011b jen jeden sv\u00e1tek v roce a to \u0160t\u011bdr\u00fd den. Tento sv\u00e1tek ovl\u00e1dne v\u0161echny lidi na sv\u011bt\u011b a ka\u017ed\u00fd ukl\u00edz\u00ed, jak smyslu zbaven\u00fd. Vypad\u00e1 to, jakoby lid\u00e9 b\u011bhem cel\u00e9ho roku nic ned\u011blali a nech\u00e1vali si ve\u0161kerou pr\u00e1ci a\u017e na posledn\u00ed chv\u00edli p\u0159ed sv\u00e1tky. Jestli\u017ee jste v\u0161ak pracovn\u011b vyt\u00ed\u017een\u00ed a nem\u00e1te \u010das v\u016fbec na nic a p\u0159i pomy\u0161len\u00ed na \u00faklid V\u00e1m naskakuj\u00ed pup\u00ednky na ruk\u00e1ch, zkuste zvolit jednodu\u0161\u00ed variantu a objednejte si specializovanou firmu na \u00faklid dle va\u0161ich p\u0159\u00e1n\u00ed. Myt\u00ed oken Praha 4, V\u00e1m zajist\u00ed umyt\u00ed va\u0161ich oken a velk\u00fdch v\u00fdloh a kompletn\u00ed \u00faklid vnit\u0159n\u00edch prostor\u016f. Tak\u017ee vlastn\u00edte-li men\u0161\u00ed obch\u016fdek nebo pot\u0159ebujete um\u00fdt okna u va\u0161\u00ed kancel\u00e1\u0159e, nen\u00ed nic leh\u010d\u00edho. Jednodu\u0161e zvednete telefon a odmluv\u00edte se na slu\u017eb\u00e1ch, co byste cht\u011bli ve va\u0161\u00ed firm\u011b nebo doma poklidit nebo um\u00fdt. V\u011b\u0159te, \u017ee pokud si jejich slu\u017eby objedn\u00e1te, ur\u010dit\u011b nebudete litovat a va\u0161e okna se budou bl\u00fdskat jako nov\u00e1 a to nemluv\u00edm o kompletn\u00edm \u00faklidu. Kdo by necht\u011bl m\u00edt n\u00e1dhern\u00fd v\u00fdhled z kancel\u00e1\u0159e na v\u00e1no\u010dn\u00ed v\u00fdzdobu m\u011bsta. Firma samoz\u0159ejm\u011b nezaji\u0161tuje jenom myt\u00ed oken od pro\u0161kolen\u00fdch profesion\u00e1l\u016f, ale tak\u00e9 ve\u0161ker\u00e9 \u00faklidy dle va\u0161ich po\u017eadavk\u016f. Tak\u017ee jestli\u017ee nest\u00edh\u00e1te zrovna vy\u017eehlit hromadu pr\u00e1dla, co m\u00e1te v kom\u00ednku u\u017e n\u011bjak\u00fd ten p\u00e1tek, postar\u00e1 se i o to. Zkr\u00e1tka se \u0159\u00edd\u00ed heslem, n\u00e1\u0161 z\u00e1kazn\u00edk n\u00e1\u0161 p\u00e1n. To j\u00ed tak\u00e9 d\u011bl\u00e1 ohromn\u00e9 jm\u00e9no v t\u00e9to profesy, proto je v\u0161e ud\u011blan\u00e9 v naprost\u00e9 kvalit\u011b a s velkou pe\u010dlivost\u00ed. Nebu\u010fte na sv\u016fj p\u0159edv\u00e1no\u010dn\u00ed \u00faklid sami a objednejte si v\u00fdpomoc. Tyto slu\u017eky od myt\u00ed oken a\u017e po vy\u017eehlen\u00ed va\u0161eho pr\u00e1dla se V\u00e1m tak zal\u00edb\u00ed, \u017ee nebudete cht\u00edt d\u011blat u\u017e nic sami a nebude se to t\u00fdkat pouze \u00faklidu p\u0159ed sv\u00e1tky.                                                                                                                                                                                                                                                                                                                                                                                          4.3\/5 - (6 votes)        "},{"@context":"https:\/\/schema.org\/","@type":"BreadcrumbList","itemListElement":[{"@type":"ListItem","position":1,"name":"V\u00e1no\u010dn\u00ed \u00faklid","item":"https:\/\/www.jamvak.cz\/vanocni-uklid\/#breadcrumbitem"}]}]