[{"@context":"https:\/\/schema.org\/","@type":"Article","@id":"https:\/\/www.jamvak.cz\/mercedes-glk\/#Article","mainEntityOfPage":"https:\/\/www.jamvak.cz\/mercedes-glk\/","headline":"Mercedes GLK","name":"Mercedes GLK","description":"\u00a0 \u00a0 \u00a0 \u00a0Mercedes GLK je trochu ve st\u00ednu dal\u0161\u00edch SUV pr\u00e9miov\u00fdch zna\u010dek. Co\u017e je \u0161koda, proto\u017ee m\u011bl v\u017edy co nab\u00eddnout a i jako...","datePublished":"2021-11-08","dateModified":"2023-05-22","author":{"@type":"Person","@id":"https:\/\/www.jamvak.cz\/author\/devene\/#Person","name":"devene","url":"https:\/\/www.jamvak.cz\/author\/devene\/","identifier":1,"image":{"@type":"ImageObject","@id":"https:\/\/secure.gravatar.com\/avatar\/11f8c6ff4d174e1ebef1d6401491d0892ff6534e7a3312fbf752a8f90a4375cd?s=96&d=mm&r=g","url":"https:\/\/secure.gravatar.com\/avatar\/11f8c6ff4d174e1ebef1d6401491d0892ff6534e7a3312fbf752a8f90a4375cd?s=96&d=mm&r=g","height":96,"width":96}},"publisher":{"@type":"Organization","name":"jamvak.cz","logo":{"@type":"ImageObject","@id":"\/logo.png","url":"\/logo.png","width":600,"height":60}},"image":{"@type":"ImageObject","@id":"https:\/\/www.jamvak.cz\/wp-content\/uploads\/mercedes-benz-g5481b2ed9_1920.jpg","url":"https:\/\/www.jamvak.cz\/wp-content\/uploads\/mercedes-benz-g5481b2ed9_1920.jpg","height":0,"width":0},"url":"https:\/\/www.jamvak.cz\/mercedes-glk\/","about":["Auto"],"wordCount":417,"articleBody":"\u00a0 \u00a0 \u00a0 \u00a0Mercedes GLK je trochu ve st\u00ednu dal\u0161\u00edch SUV pr\u00e9miov\u00fdch zna\u010dek. Co\u017e je \u0161koda, proto\u017ee m\u011bl v\u017edy co nab\u00eddnout a i jako ojetina stoj\u00ed za \u00favahu. Vzhledov\u011b trochu p\u0159ipom\u00edn\u00e1 zmen\u0161enou verzi Mercedes. Hranat\u00e1 karoserie odkazuje k\u00a0z\u00e1klad\u016fm ter\u00e9nn\u00edch mercedes\u016f \u0159ady G. Za\u010dal se vyr\u00e1b\u011bt v\u00a0roce 2008 a v\u00fdroba byla ukon\u010den\u00e1 v\u00a0roce 2015, kdy byl model vyst\u0159\u00edd\u00e1n \u0159adou GLC. Za pozornost stoj\u00ed p\u0159edn\u011b po roce 2012, kdy pro\u0161el model zda\u0159il\u00fdm faceliftem. Auto nab\u00edz\u00ed komfortn\u00ed interi\u00e9r, kter\u00fd nezap\u0159e pr\u00e9miovou zna\u010dku a zvl\u00e1\u0161t\u011b po faceliftu i velmi zda\u0159il\u00fd a nad\u010dasov\u00fd exteri\u00e9r.\u00a0\u00a0\u00a0\u00a0\u00a0 Hlavn\u00ed devizou modelu nen\u00ed vzhled, nebo presti\u017e pr\u00e9miov\u00e9 ojetiny (takov\u00fdch voz\u016f je cel\u00e1 \u0159ada), ale vysok\u00e1 spolehlivost. V\u00a0pravideln\u00fdch testech ADAC zauj\u00edm\u00e1 Mercedes GLK jednu z\u00a0nejvy\u0161\u0161\u00edch p\u0159\u00ed\u010dek spolehlivosti a je p\u0159itom jedno, zda jde o posledn\u00ed rok v\u00fdroby 2015, nebo o \u0159adu let star\u0161\u00ed v\u016fz. Pr\u00e1v\u011b t\u00edm nech\u00e1v\u00e1 celou \u0159adu mo\u017en\u00fdch konkurent\u016f daleko pod sebou. Ostatn\u011b nen\u00ed divu, proto\u017ee auto vych\u00e1z\u00ed z\u00a0velmi \u00fasp\u011b\u0161n\u00e9 platformy \u0159ady C.\u00a0\u00a0\u00a0\u00a0\u00a0\u00a0 Dal\u0161\u00edm d\u016fvodem pro n\u00e1kup GLK, pokud uva\u017eujete o ojet\u00e9m SUV, jsou rozumn\u00e9 provozn\u00ed n\u00e1klady. S\u00a0porovn\u00e1n\u00edm s\u00a0ostatn\u00edmi SUV pr\u00e9miov\u00fdch zna\u010dek v\u00e1s ne\u010dek\u00e1 \u017e\u00e1dn\u00fd v\u00edtr v\u00a0pen\u011b\u017eence. N\u00e1klady na b\u011b\u017enou \u00fadr\u017ebu vozu se nevymykaj\u00ed z\u00a0cen \u00fadr\u017eby ostatn\u00edch nepr\u00e9miov\u00fdch zna\u010dek. Na aut\u011b se b\u011b\u017en\u011b nic nekaz\u00ed, v\u0161ak ne nadarmo je zn\u00e1m\u00fd svou spolehlivost\u00ed. Jedin\u00fdm stra\u0161\u00e1kem m\u016f\u017ee b\u00fdt automatick\u00e1 p\u0159evodovka. Jej\u00ed oprava m\u016f\u017ee b\u00fdt opravdu n\u00e1kladn\u00e1 a po faceliftu j\u00ed najdete, krom\u011b z\u00e1kladn\u00ed \u0159ady s\u00a0nejslab\u0161\u00ed motorizac\u00ed, ve v\u0161ech vozech. P\u0159esto nen\u00ed t\u0159eba se j\u00ed b\u00e1t, proto\u017ee nen\u00ed poruchov\u00e1. Sta\u010d\u00ed nepodcenit v\u010dasnou v\u00fdm\u011bnu oleje. Doporu\u010duje se interval v\u00fdm\u011bny zkr\u00e1tit na 60 tis\u00edc kilometr\u016f s\u00a0preventivn\u00edch d\u016fvod\u016f. Pak nen\u00ed d\u016fvod, aby nevydr\u017eela po dobu provozu vozu.Maska Mercedes GLK\u00a0\u00a0\u00a0\u00a0\u00a0 Mercedes GLK v\u00e1m nab\u00eddne nejen pohodln\u00e9 a spolehliv\u00e9 svezen\u00ed v\u00a0presti\u017en\u00ed zna\u010dce za rozumn\u00e9 pen\u00edze, ale i nen\u00e1padnou eleganci, bezpe\u010dnost a komfort. Je to v\u016fz, kter\u00fd nezap\u0159e zna\u010dku, kterou zastupuje.                                                                                                                                                                                                                                                                                                                                                                                        4.6\/5 - (9 votes)        "},{"@context":"https:\/\/schema.org\/","@type":"BreadcrumbList","itemListElement":[{"@type":"ListItem","position":1,"name":"Mercedes GLK","item":"https:\/\/www.jamvak.cz\/mercedes-glk\/#breadcrumbitem"}]}]